{"id":3818,"date":"2026-04-17T14:37:25","date_gmt":"2026-04-17T12:37:25","guid":{"rendered":"https:\/\/farmacia.umh.es\/?p=3818"},"modified":"2026-04-17T14:37:34","modified_gmt":"2026-04-17T12:37:34","slug":"acto-homenaje-a-nuestro-fallecido-decano-d-jorge-manzanares-robles","status":"publish","type":"post","link":"https:\/\/farmacia.umh.es\/ca\/2026\/04\/17\/acto-homenaje-a-nuestro-fallecido-decano-d-jorge-manzanares-robles\/","title":{"rendered":"<span lang=\"es\">(Espa\u00f1ol) ACTO HOMENAJE A NUESTRO FALLECIDO DECANO D. JORGE MANZANARES ROBLES<\/span>"},"content":{"rendered":"<p class=\"qtranxs-available-languages-message qtranxs-available-languages-message-ca\">Ho sent, per\u00f2 aquesta entrada nom\u00e9s est\u00e0 disponible en <a href=\"https:\/\/farmacia.umh.es\/es\/wp-json\/wp\/v2\/posts\/3818\" class=\"qtranxs-available-language-link qtranxs-available-language-link-es\" title=\"Espa\u00f1ol\">Espanyol Europeu<\/a>.<\/p>","protected":false},"excerpt":{"rendered":"<p>Ho sent, per\u00f2 aquesta entrada nom\u00e9s est\u00e0 disponible en Espanyol Europeu.<\/p>\n","protected":false},"author":159,"featured_media":0,"comment_status":"closed","ping_status":"closed","sticky":false,"template":"","format":"standard","meta":{"ngg_post_thumbnail":0,"_links_to":"","_links_to_target":""},"categories":[1],"tags":[],"_links":{"self":[{"href":"https:\/\/farmacia.umh.es\/ca\/wp-json\/wp\/v2\/posts\/3818"}],"collection":[{"href":"https:\/\/farmacia.umh.es\/ca\/wp-json\/wp\/v2\/posts"}],"about":[{"href":"https:\/\/farmacia.umh.es\/ca\/wp-json\/wp\/v2\/types\/post"}],"author":[{"embeddable":true,"href":"https:\/\/farmacia.umh.es\/ca\/wp-json\/wp\/v2\/users\/159"}],"replies":[{"embeddable":true,"href":"https:\/\/farmacia.umh.es\/ca\/wp-json\/wp\/v2\/comments?post=3818"}],"version-history":[{"count":0,"href":"https:\/\/farmacia.umh.es\/ca\/wp-json\/wp\/v2\/posts\/3818\/revisions"}],"wp:attachment":[{"href":"https:\/\/farmacia.umh.es\/ca\/wp-json\/wp\/v2\/media?parent=3818"}],"wp:term":[{"taxonomy":"category","embeddable":true,"href":"https:\/\/farmacia.umh.es\/ca\/wp-json\/wp\/v2\/categories?post=3818"},{"taxonomy":"post_tag","embeddable":true,"href":"https:\/\/farmacia.umh.es\/ca\/wp-json\/wp\/v2\/tags?post=3818"}],"curies":[{"name":"wp","href":"https:\/\/api.w.org\/{rel}","templated":true}]}}