{"id":3778,"date":"2026-03-10T13:04:01","date_gmt":"2026-03-10T12:04:01","guid":{"rendered":"https:\/\/farmacia.umh.es\/?p=3778"},"modified":"2026-03-10T13:04:01","modified_gmt":"2026-03-10T12:04:01","slug":"jornada-puertas-abiertas-hospital-universitario-vega-baja-orihuela-26-03-2026-10h-salon-de-actos","status":"publish","type":"post","link":"https:\/\/farmacia.umh.es\/ca\/2026\/03\/10\/jornada-puertas-abiertas-hospital-universitario-vega-baja-orihuela-26-03-2026-10h-salon-de-actos\/","title":{"rendered":"<span lang=\"es\">(Espa\u00f1ol) JORNADA PUERTAS ABIERTAS &#8211; HOSPITAL UNIVERSITARIO VEGA BAJA &#8211; Orihuela \/\/ 26\/03\/2026 &#8211; 10h &#8211; SAL\u00d3N DE ACTOS<\/span>"},"content":{"rendered":"<p class=\"qtranxs-available-languages-message qtranxs-available-languages-message-ca\">Ho sent, per\u00f2 aquesta entrada nom\u00e9s est\u00e0 disponible en <a href=\"https:\/\/farmacia.umh.es\/es\/wp-json\/wp\/v2\/posts\/3778\" class=\"qtranxs-available-language-link qtranxs-available-language-link-es\" title=\"Espa\u00f1ol\">Espanyol Europeu<\/a>.<\/p>","protected":false},"excerpt":{"rendered":"<p>Ho sent, per\u00f2 aquesta entrada nom\u00e9s est\u00e0 disponible en Espanyol Europeu.<\/p>\n","protected":false},"author":159,"featured_media":0,"comment_status":"closed","ping_status":"closed","sticky":false,"template":"","format":"standard","meta":{"ngg_post_thumbnail":0,"_links_to":"","_links_to_target":""},"categories":[1],"tags":[],"_links":{"self":[{"href":"https:\/\/farmacia.umh.es\/ca\/wp-json\/wp\/v2\/posts\/3778"}],"collection":[{"href":"https:\/\/farmacia.umh.es\/ca\/wp-json\/wp\/v2\/posts"}],"about":[{"href":"https:\/\/farmacia.umh.es\/ca\/wp-json\/wp\/v2\/types\/post"}],"author":[{"embeddable":true,"href":"https:\/\/farmacia.umh.es\/ca\/wp-json\/wp\/v2\/users\/159"}],"replies":[{"embeddable":true,"href":"https:\/\/farmacia.umh.es\/ca\/wp-json\/wp\/v2\/comments?post=3778"}],"version-history":[{"count":0,"href":"https:\/\/farmacia.umh.es\/ca\/wp-json\/wp\/v2\/posts\/3778\/revisions"}],"wp:attachment":[{"href":"https:\/\/farmacia.umh.es\/ca\/wp-json\/wp\/v2\/media?parent=3778"}],"wp:term":[{"taxonomy":"category","embeddable":true,"href":"https:\/\/farmacia.umh.es\/ca\/wp-json\/wp\/v2\/categories?post=3778"},{"taxonomy":"post_tag","embeddable":true,"href":"https:\/\/farmacia.umh.es\/ca\/wp-json\/wp\/v2\/tags?post=3778"}],"curies":[{"name":"wp","href":"https:\/\/api.w.org\/{rel}","templated":true}]}}